{"id":116342,"date":"2018-08-30T14:00:04","date_gmt":"2018-08-30T12:00:04","guid":{"rendered":"https:\/\/toengel.net\/philipsblog\/?p=116342"},"modified":"2018-08-29T21:38:32","modified_gmt":"2018-08-29T19:38:32","slug":"ifa2018-philips-tv-und-georg-jensen-zeigen-ihre-vorliebe-fuer-licht","status":"publish","type":"post","link":"https:\/\/toengel.net\/philipsblog\/2018\/08\/30\/ifa2018-philips-tv-und-georg-jensen-zeigen-ihre-vorliebe-fuer-licht\/","title":{"rendered":"IFA2018: Philips TV und Georg Jensen zeigen ihre Vorliebe f\u00fcr Licht"},"content":{"rendered":"<p>Tachchen,<\/p>\n<p>folgend die Pressemitteilung anl\u00e4sslich der IFA 2018 zu den <a href=\"https:\/\/toengel.net\/philipsblog\/2018\/08\/30\/philips-2019-der-65pus9104-und-55pus9104-uhd-tv-mit-android-tv-und-hdr\">2019er Philips Super Nano LCD TV-Modellen der Serie PUS9104<\/a>:<\/p>\n<blockquote><p><strong>Berlin, 30. August 2018<\/strong> <strong>\u2013 <\/strong>Die Eleganz des europ\u00e4ischen Designs zeichnet jeden Philips TV aus, genauso wie jedes Produkt von Georg Jensen. Die beiden Unternehmen verbindet nicht nur eine Tradition f\u00fcr handwerkliche Pr\u00e4zision sowie die Verwendung von hochwertigen \u201eechten\u201c Materialen, sondern auch das Wissen \u00fcber die Wichtigkeit von Licht f\u00fcr ein vollendetes Erlebnis.<\/p><\/blockquote>\n<p><!--more--><\/p>\n<blockquote><p>Folgerichtig haben sich diese beiden Unternehmen f\u00fcr eine Zusammenarbeit entschieden, um mit ihrer Expertise einen Fernseher zu gestalten, der mit einem eigenst\u00e4ndigen und wahrhaft sch\u00f6nen Design begeistert. Das Ergebnis ist der <a href=\"https:\/\/toengel.net\/philipsblog\/2018\/08\/30\/philips-2019-der-65pus9104-und-55pus9104-uhd-tv-mit-android-tv-und-hdr\">Philips 9104<\/a>, der in den Gr\u00f6\u00dfen 55- und 65-Zoll im Fr\u00fchjahr 2019 verf\u00fcgbar werden wird.<\/p>\n<p><strong>Was bedeutet: Vorliebe f\u00fcr Licht?<\/strong><\/p>\n<p>Philips wei\u00df seit langem \u00fcber die Wichtigkeit von Licht f\u00fcr ein angenehmes Ambiente, weshalb auch der <a href=\"https:\/\/toengel.net\/philipsblog\/2018\/08\/30\/philips-2019-der-65pus9104-und-55pus9104-uhd-tv-mit-android-tv-und-hdr\">9104<\/a> die neueste Version des einzigartigen Ambilights mit drei LED-B\u00e4ndern auf der R\u00fcckseite des TVs besitzt.<\/p>\n<p>Ambilight projiziert einen sich permanent an die Farben des Bildschirms anpassenden Lichtschein auf die r\u00fcckw\u00e4rtige Wand, was das Display optisch gr\u00f6\u00dfer erscheinen l\u00e4sst und ein noch eindrucksvolleres und intensiveres TV-Erlebnis erschafft.<\/p>\n<p>Das Unternehmen Georg Jensen besitzt eine lange Tradition f\u00fcr kunsthandwerkliche Fertigkeiten, insbesondere bei der Bearbeitung von Silber und poliertem Stahl. Dabei wird schon immer die Auswahl der Materialien und die Art und Weise der jeweiligen Verarbeitung durch das Licht der \u201eblauen Stunden\u201c im Norden D\u00e4nemarks beeinflusst, das sich im Finish des Metalls wiederentdecken l\u00e4sst.<\/p>\n<p>Mit dem leuchtenden Ambilight, dem polierten Stahl und dem glatten Glas bringt der Philips 9104 nun diese Elemente zusammen.<\/p>\n<p>Die spitz zulaufenden F\u00fc\u00dfe des <a href=\"https:\/\/toengel.net\/philipsblog\/2018\/08\/30\/philips-2019-der-65pus9104-und-55pus9104-uhd-tv-mit-android-tv-und-hdr\">9104<\/a> sind eine Referenz an das Design der klassischen Produkte von Georg Jensen f\u00fcr den Haushalt und vermitteln durch ihre schlanke Silhouette eine besondere Leichtigkeit. Dezent sind auf der Oberseite der F\u00fc\u00dfe zudem die beiden Marken Philips und Georg Jensen graviert.<\/p>\n<p>Die untere Leiste des TV zeigt sich in fein poliertem Stahl, w\u00e4hrend die anderen Kanten aus Glas sind und so den Ambilight-Effekt besonders hervorheben. Die edle Gestaltung bezieht auch die R\u00fcckseite des <a href=\"https:\/\/toengel.net\/philipsblog\/2018\/08\/30\/philips-2019-der-65pus9104-und-55pus9104-uhd-tv-mit-android-tv-und-hdr\">9104<\/a> mit ein, die teilweise ebenfalls aus Glas besteht. Aus der Farbpalette von Georg Jensen stammt dabei die matt-blaue Farbe des Geh\u00e4uses f\u00fcr die Anschl\u00fcsse und Hauptkomponenten.<\/p>\n<p>Auch die Easy Remote Fernbedienung ist mit poliertem Stahl gestaltet und zeigt sowohl den Schriftzug von Philips als auch von Georg Jensen.<\/p>\n<p>Zu einem Premium-Design-Fernseher wie dem <a href=\"https:\/\/toengel.net\/philipsblog\/2018\/08\/30\/philips-2019-der-65pus9104-und-55pus9104-uhd-tv-mit-android-tv-und-hdr\">9104<\/a> geh\u00f6ren auch die entsprechende Bild- und Soundqualit\u00e4t. Mit der <a href=\"https:\/\/toengel.net\/philipsblog\/2018\/08\/10\/philips-perfect-natural-reality-neuer-p5-prozessor-im-oled803-oled903-und-oled983\/\">P5 Perfect Picture Engine<\/a> sowie den fortschrittlichen Systemen Micro Dimming Pro und Perfect Natural Motion bietet das Ger\u00e4t ein H\u00f6chstma\u00df an bildverbessernden Technologien, die in Verbindung mit dem Wide Color Gamut-Display ihre St\u00e4rken ausspielen. Das Panel basiert auf der Super Nano LED-Technologie, bei der eine Schicht von einem Nanometer kleinen Partikeln unerw\u00fcnschte Lichtanteile absorbiert und so f\u00fcr \u00fcberlegene Farbreinheit selbst bei seitlichen Blickwinkeln sorgt.<\/p>\n<p>Das Ergebnis sind gestochen scharfe, kontraststarke 4K-UHD-Bilder mit sauberem Schwarz und leuchtenden Farben sowie nat\u00fcrlichen Hautt\u00f6nen.<\/p>\n<p>F\u00fcr einen eindrucksvollen Klang sorgt das 50-Watt-Soundsystem, das \u00fcber einen nach hinten gerichteten Triple-Ring-Bass Treiber sowie zwei unterst\u00fctzende passive Radiatvoren verf\u00fcgt, um tiefe und pr\u00e4zise B\u00e4sse zu erzeugen. F\u00fcr eine gute R\u00e4umlichkeit und Klarheit sind zwei nach unten gerichteten Mittel-Hochton-Treiber verbaut.<\/p>\n<p>Mit seinem ultraschnellen Quad-Core-Prozessor sowie dem erweiterbaren 16 GB-Speicher ist der <a href=\"https:\/\/toengel.net\/philipsblog\/2018\/08\/30\/philips-2019-der-65pus9104-und-55pus9104-uhd-tv-mit-android-tv-und-hdr\">9104<\/a> die perfekte Plattform f\u00fcr Android TV in der <a href=\"https:\/\/toengel.net\/philipsblog\/2018\/06\/27\/philips-2014-2018er-tvs-erhalten-android-tv-8-oreo\/\">Version O<\/a>. Er wird als Google Assistant Built-in Device auf den Markt kommen, was es Nutzern erm\u00f6glicht, \u00fcber den Fernseher andere Smart Home-Produkte zu steuern, die mit Google Assistent kompatibel sind.<\/p><\/blockquote>\n<p>Toengel@Alex<\/p>\n<div class=\"shariff\"><ul class=\"shariff-buttons theme-default orientation-horizontal buttonsize-medium\"><li class=\"shariff-button paypalme shariff-nocustomcolor\" style=\"background-color:#0285d2\"><a href=\"https:\/\/www.paypal.me\/PhilipsToengel\" title=\"Spenden mit PayPal\" aria-label=\"Spenden mit PayPal\" role=\"button\" rel=\"noopener nofollow\" class=\"shariff-link external external_icon\" style=\"; background-color:#009cde; color:#fff\" target=\"_blank\"><span class=\"shariff-icon\" style=\"\"><svg width=\"32px\" height=\"20px\" xmlns=\"http:\/\/www.w3.org\/2000\/svg\" viewBox=\"0 0 32 32\"><path fill=\"#009cde\" d=\"M19.9 8q0-2.8-4.2-2.8h-1.2q-0.6 0-1.1 0.4t-0.6 0.9l-1.1 4.9q0 0.1 0 0.3 0 0.4 0.3 0.7t0.7 0.3h0.9q1.2 0 2.3-0.2t2-0.7 1.5-1.5 0.5-2.3zM30.6 10.7q0 4.7-3.9 7.6-3.9 2.9-10.9 2.9h-1.1q-0.6 0-1.1 0.4t-0.6 0.9l-1.3 5.6q-0.1 0.6-0.7 1.1t-1.2 0.5h-3.8q-0.6 0-0.9-0.4t-0.4-0.9q0-0.2 0.2-1.2h2.7q0.6 0 1.1-0.4t0.7-1l1.3-5.6q0.1-0.6 0.7-1t1.1-0.4h1.1q7 0 10.8-2.9t3.9-7.5q0-2.3-0.9-3.7 3.3 1.6 3.3 6zM27.4 7.4q0 4.7-3.9 7.6-3.9 2.9-10.9 2.9h-1.1q-0.6 0-1.1 0.4t-0.6 0.9l-1.3 5.6q-0.1 0.6-0.7 1.1t-1.2 0.5h-3.8q-0.6 0-0.9-0.3t-0.4-0.9q0-0.1 0-0.4l5.4-23.2q0.1-0.6 0.7-1.1t1.2-0.5h7.9q1.2 0 2.2 0.1t2.2 0.3 2 0.5 1.7 0.9 1.4 1.3 0.9 1.8 0.3 2.4z\"\/><\/svg><\/span><span class=\"shariff-text\">spenden<\/span>&nbsp;<\/a><\/li><li class=\"shariff-button bluesky shariff-nocustomcolor\" style=\"background-color:#84c4ff\"><a href=\"https:\/\/bsky.app\/intent\/compose?text=IFA2018%3A%20Philips%20TV%20und%20Georg%20Jensen%20zeigen%20ihre%20Vorliebe%20f%C3%BCr%20Licht https%3A%2F%2Ftoengel.net%2Fphilipsblog%2F2018%2F08%2F30%2Fifa2018-philips-tv-und-georg-jensen-zeigen-ihre-vorliebe-fuer-licht%2F  via @toengel.net\" title=\"Bei Bluesky teilen\" aria-label=\"Bei Bluesky teilen\" role=\"button\" rel=\"noopener nofollow\" class=\"shariff-link external external_icon\" style=\"; background-color:#0085ff; color:#fff\" target=\"_blank\"><span class=\"shariff-icon\" style=\"\"><svg width=\"20\" height=\"20\" version=\"1.1\" xmlns=\"http:\/\/www.w3.org\/2000\/svg\" viewBox=\"0 0 20 20\"><path class=\"st0\" d=\"M4.89,3.12c2.07,1.55,4.3,4.71,5.11,6.4.82-1.69,3.04-4.84,5.11-6.4,1.49-1.12,3.91-1.99,3.91.77,0,.55-.32,4.63-.5,5.3-.64,2.3-2.99,2.89-5.08,2.54,3.65.62,4.58,2.68,2.57,4.74-3.81,3.91-5.48-.98-5.9-2.23-.08-.23-.11-.34-.12-.25,0-.09-.04.02-.12.25-.43,1.25-2.09,6.14-5.9,2.23-2.01-2.06-1.08-4.12,2.57-4.74-2.09.36-4.44-.23-5.08-2.54-.19-.66-.5-4.74-.5-5.3,0-2.76,2.42-1.89,3.91-.77h0Z\"\/><\/svg><\/span><span class=\"shariff-text\">teilen<\/span>&nbsp;<\/a><\/li><li class=\"shariff-button mastodon shariff-nocustomcolor\" style=\"background-color:#563ACC\"><a href=\"https:\/\/s2f.kytta.dev\/?text=IFA2018%3A%20Philips%20TV%20und%20Georg%20Jensen%20zeigen%20ihre%20Vorliebe%20f%C3%BCr%20Licht https%3A%2F%2Ftoengel.net%2Fphilipsblog%2F2018%2F08%2F30%2Fifa2018-philips-tv-und-georg-jensen-zeigen-ihre-vorliebe-fuer-licht%2F\" title=\"Bei Mastodon teilen\" aria-label=\"Bei Mastodon teilen\" role=\"button\" rel=\"noopener nofollow\" class=\"shariff-link external external_icon\" style=\"; background-color:#6364FF; color:#fff\" target=\"_blank\"><span class=\"shariff-icon\" style=\"\"><svg width=\"75\" height=\"79\" viewBox=\"0 0 75 79\" fill=\"none\" xmlns=\"http:\/\/www.w3.org\/2000\/svg\"><path d=\"M37.813-.025C32.462-.058 27.114.13 21.79.598c-8.544.621-17.214 5.58-20.203 13.931C-1.12 23.318.408 32.622.465 41.65c.375 7.316.943 14.78 3.392 21.73 4.365 9.465 14.781 14.537 24.782 15.385 7.64.698 15.761-.213 22.517-4.026a54.1 54.1 0 0 0 .01-6.232c-6.855 1.316-14.101 2.609-21.049 1.074-3.883-.88-6.876-4.237-7.25-8.215-1.53-3.988 3.78-.43 5.584-.883 9.048 1.224 18.282.776 27.303-.462 7.044-.837 14.26-4.788 16.65-11.833 2.263-6.135 1.215-12.79 1.698-19.177.06-3.84.09-7.692-.262-11.52C72.596 7.844 63.223.981 53.834.684a219.453 219.453 0 0 0-16.022-.71zm11.294 12.882c5.5-.067 10.801 4.143 11.67 9.653.338 1.48.471 3 .471 4.515v21.088h-8.357c-.07-7.588.153-15.182-.131-22.765-.587-4.368-7.04-5.747-9.672-2.397-2.422 3.04-1.47 7.155-1.67 10.735v6.392h-8.307c-.146-4.996.359-10.045-.404-15.002-1.108-4.218-7.809-5.565-10.094-1.666-1.685 3.046-.712 6.634-.976 9.936v14.767h-8.354c.109-8.165-.238-16.344.215-24.5.674-5.346 5.095-10.389 10.676-10.627 4.902-.739 10.103 2.038 12.053 6.631.375 1.435 1.76 1.932 1.994.084 1.844-3.704 5.501-6.739 9.785-6.771.367-.044.735-.068 1.101-.073z\"\/><defs><linearGradient id=\"paint0_linear_549_34\" x1=\"37.0692\" y1=\"0\" x2=\"37.0692\" y2=\"79\" gradientUnits=\"userSpaceOnUse\"><stop stop-color=\"#6364FF\"\/><stop offset=\"1\" stop-color=\"#563ACC\"\/><\/linearGradient><\/defs><\/svg><\/span><span class=\"shariff-text\">teilen<\/span>&nbsp;<\/a><\/li><li class=\"shariff-button twitter shariff-nocustomcolor\" style=\"background-color:#595959\"><a href=\"https:\/\/twitter.com\/share?url=https%3A%2F%2Ftoengel.net%2Fphilipsblog%2F2018%2F08%2F30%2Fifa2018-philips-tv-und-georg-jensen-zeigen-ihre-vorliebe-fuer-licht%2F&text=IFA2018%3A%20Philips%20TV%20und%20Georg%20Jensen%20zeigen%20ihre%20Vorliebe%20f%C3%BCr%20Licht&via=PhilipsToengel\" title=\"Bei X teilen\" aria-label=\"Bei X teilen\" role=\"button\" rel=\"noopener nofollow\" class=\"shariff-link\" style=\"; background-color:#000; color:#fff\" target=\"_blank\"><span class=\"shariff-icon\" style=\"\"><svg width=\"32px\" height=\"20px\" xmlns=\"http:\/\/www.w3.org\/2000\/svg\" viewBox=\"0 0 24 24\"><path fill=\"#000\" d=\"M14.258 10.152L23.176 0h-2.113l-7.747 8.813L7.133 0H0l9.352 13.328L0 23.973h2.113l8.176-9.309 6.531 9.309h7.133zm-2.895 3.293l-.949-1.328L2.875 1.56h3.246l6.086 8.523.945 1.328 7.91 11.078h-3.246zm0 0\"\/><\/svg><\/span><span class=\"shariff-text\">teilen<\/span>&nbsp;<\/a><\/li><li class=\"shariff-button facebook shariff-nocustomcolor\" style=\"background-color:#4273c8\"><a href=\"https:\/\/www.facebook.com\/sharer\/sharer.php?u=https%3A%2F%2Ftoengel.net%2Fphilipsblog%2F2018%2F08%2F30%2Fifa2018-philips-tv-und-georg-jensen-zeigen-ihre-vorliebe-fuer-licht%2F\" title=\"Bei Facebook teilen\" aria-label=\"Bei Facebook teilen\" role=\"button\" rel=\"nofollow\" class=\"shariff-link external external_icon\" style=\"; background-color:#3b5998; color:#fff\" target=\"_blank\"><span class=\"shariff-icon\" style=\"\"><svg width=\"32px\" height=\"20px\" xmlns=\"http:\/\/www.w3.org\/2000\/svg\" viewBox=\"0 0 18 32\"><path fill=\"#3b5998\" d=\"M17.1 0.2v4.7h-2.8q-1.5 0-2.1 0.6t-0.5 1.9v3.4h5.2l-0.7 5.3h-4.5v13.6h-5.5v-13.6h-4.5v-5.3h4.5v-3.9q0-3.3 1.9-5.2t5-1.8q2.6 0 4.1 0.2z\"\/><\/svg><\/span><span class=\"shariff-text\">teilen<\/span>&nbsp;<\/a><\/li><li class=\"shariff-button threema shariff-nocustomcolor shariff-mobile\" style=\"background-color:#4fbc24\"><a href=\"threema:\/\/compose?text=IFA2018%3A%20Philips%20TV%20und%20Georg%20Jensen%20zeigen%20ihre%20Vorliebe%20f%C3%BCr%20Licht%20https%3A%2F%2Ftoengel.net%2Fphilipsblog%2F2018%2F08%2F30%2Fifa2018-philips-tv-und-georg-jensen-zeigen-ihre-vorliebe-fuer-licht%2F\" title=\"Bei Threema teilen\" aria-label=\"Bei Threema teilen\" role=\"button\" rel=\"noopener nofollow\" class=\"shariff-link external external_icon\" style=\"; background-color:#1f1f1f; color:#fff\" target=\"_blank\"><span class=\"shariff-icon\" style=\"\"><svg width=\"32px\" height=\"20px\" xmlns=\"http:\/\/www.w3.org\/2000\/svg\" viewBox=\"0 0 32 32\"><path fill=\"#1f1f1f\" d=\"M30.8 10.9c-0.3-1.4-0.9-2.6-1.8-3.8-2-2.6-5.5-4.5-9.4-5.2-1.3-0.2-1.9-0.3-3.5-0.3s-2.2 0-3.5 0.3c-4 0.7-7.4 2.6-9.4 5.2-0.9 1.2-1.5 2.4-1.8 3.8-0.1 0.5-0.2 1.2-0.2 1.6 0 0.4 0.1 1.1 0.2 1.6 0.4 1.9 1.3 3.4 2.9 5 0.8 0.8 0.8 0.8 0.7 1.3 0 0.6-0.5 1.6-1.7 3.6-0.3 0.5-0.5 0.9-0.5 0.9 0 0.1 0.1 0.1 0.5 0 0.8-0.2 2.3-0.6 5.6-1.6 1.1-0.3 1.3-0.4 2.3-0.4 0.8 0 1.1 0 2.3 0.2 1.5 0.2 3.5 0.2 4.9 0 5.1-0.6 9.3-2.9 11.4-6.3 0.5-0.9 0.9-1.8 1.1-2.8 0.1-0.5 0.2-1.1 0.2-1.6 0-0.7-0.1-1.1-0.2-1.6-0.3-1.4 0.1 0.5 0 0zM20.6 17.3c0 0.4-0.4 0.8-0.8 0.8h-7.7c-0.4 0-0.8-0.4-0.8-0.8v-4.6c0-0.4 0.4-0.8 0.8-0.8h0.2l0-1.6c0-0.9 0-1.8 0.1-2 0.1-0.6 0.6-1.2 1.1-1.7s1.1-0.7 1.9-0.8c1.8-0.3 3.7 0.7 4.2 2.2 0.1 0.3 0.1 0.7 0.1 2.1v0 1.7h0.1c0.4 0 0.8 0.4 0.8 0.8v4.6zM15.6 7.3c-0.5 0.1-0.8 0.3-1.2 0.6s-0.6 0.8-0.7 1.3c0 0.2 0 0.8 0 1.5l0 1.2h4.6v-1.3c0-1 0-1.4-0.1-1.6-0.3-1.1-1.5-1.9-2.6-1.7zM25.8 28.2c0 1.2-1 2.2-2.1 2.2s-2.1-1-2.1-2.1c0-1.2 1-2.1 2.2-2.1s2.2 1 2.2 2.2zM18.1 28.2c0 1.2-1 2.2-2.1 2.2s-2.1-1-2.1-2.1c0-1.2 1-2.1 2.2-2.1s2.2 1 2.2 2.2zM10.4 28.2c0 1.2-1 2.2-2.1 2.2s-2.1-1-2.1-2.1c0-1.2 1-2.1 2.2-2.1s2.2 1 2.2 2.2z\"\/><\/svg><\/span><span class=\"shariff-text\">teilen<\/span>&nbsp;<\/a><\/li><li class=\"shariff-button whatsapp shariff-nocustomcolor\" style=\"background-color:#5cbe4a\"><a href=\"https:\/\/api.whatsapp.com\/send?text=https%3A%2F%2Ftoengel.net%2Fphilipsblog%2F2018%2F08%2F30%2Fifa2018-philips-tv-und-georg-jensen-zeigen-ihre-vorliebe-fuer-licht%2F%20IFA2018%3A%20Philips%20TV%20und%20Georg%20Jensen%20zeigen%20ihre%20Vorliebe%20f%C3%BCr%20Licht\" title=\"Bei Whatsapp teilen\" aria-label=\"Bei Whatsapp teilen\" role=\"button\" rel=\"noopener nofollow\" class=\"shariff-link external external_icon\" style=\"; background-color:#34af23; color:#fff\" target=\"_blank\"><span class=\"shariff-icon\" style=\"\"><svg width=\"32px\" height=\"20px\" xmlns=\"http:\/\/www.w3.org\/2000\/svg\" viewBox=\"0 0 32 32\"><path fill=\"#34af23\" d=\"M17.6 17.4q0.2 0 1.7 0.8t1.6 0.9q0 0.1 0 0.3 0 0.6-0.3 1.4-0.3 0.7-1.3 1.2t-1.8 0.5q-1 0-3.4-1.1-1.7-0.8-3-2.1t-2.6-3.3q-1.3-1.9-1.3-3.5v-0.1q0.1-1.6 1.3-2.8 0.4-0.4 0.9-0.4 0.1 0 0.3 0t0.3 0q0.3 0 0.5 0.1t0.3 0.5q0.1 0.4 0.6 1.6t0.4 1.3q0 0.4-0.6 1t-0.6 0.8q0 0.1 0.1 0.3 0.6 1.3 1.8 2.4 1 0.9 2.7 1.8 0.2 0.1 0.4 0.1 0.3 0 1-0.9t0.9-0.9zM14 26.9q2.3 0 4.3-0.9t3.6-2.4 2.4-3.6 0.9-4.3-0.9-4.3-2.4-3.6-3.6-2.4-4.3-0.9-4.3 0.9-3.6 2.4-2.4 3.6-0.9 4.3q0 3.6 2.1 6.6l-1.4 4.2 4.3-1.4q2.8 1.9 6.2 1.9zM14 2.2q2.7 0 5.2 1.1t4.3 2.9 2.9 4.3 1.1 5.2-1.1 5.2-2.9 4.3-4.3 2.9-5.2 1.1q-3.5 0-6.5-1.7l-7.4 2.4 2.4-7.2q-1.9-3.2-1.9-6.9 0-2.7 1.1-5.2t2.9-4.3 4.3-2.9 5.2-1.1z\"\/><\/svg><\/span><span class=\"shariff-text\">teilen<\/span>&nbsp;<\/a><\/li><li class=\"shariff-button telegram shariff-nocustomcolor\" style=\"background-color:#4084A6\"><a href=\"https:\/\/telegram.me\/share\/url?url=https%3A%2F%2Ftoengel.net%2Fphilipsblog%2F2018%2F08%2F30%2Fifa2018-philips-tv-und-georg-jensen-zeigen-ihre-vorliebe-fuer-licht%2F&text=IFA2018%3A%20Philips%20TV%20und%20Georg%20Jensen%20zeigen%20ihre%20Vorliebe%20f%C3%BCr%20Licht\" title=\"Bei Telegram teilen\" aria-label=\"Bei Telegram teilen\" role=\"button\" rel=\"noopener nofollow\" class=\"shariff-link\" style=\"; background-color:#0088cc; color:#fff\" target=\"_blank\"><span class=\"shariff-icon\" style=\"\"><svg width=\"32px\" height=\"20px\" xmlns=\"http:\/\/www.w3.org\/2000\/svg\" viewBox=\"0 0 32 32\"><path fill=\"#0088cc\" d=\"M30.8 6.5l-4.5 21.4c-.3 1.5-1.2 1.9-2.5 1.2L16.9 24l-3.3 3.2c-.4.4-.7.7-1.4.7l.5-7L25.5 9.2c.6-.5-.1-.8-.9-.3l-15.8 10L2 16.7c-1.5-.5-1.5-1.5.3-2.2L28.9 4.3c1.3-.5 2.3.3 1.9 2.2z\"\/><\/svg><\/span><span class=\"shariff-text\">teilen<\/span>&nbsp;<\/a><\/li><li class=\"shariff-button pinterest shariff-nocustomcolor\" style=\"background-color:#e70f18\"><a href=\"https:\/\/www.pinterest.com\/pin\/create\/link\/?url=https%3A%2F%2Ftoengel.net%2Fphilipsblog%2F2018%2F08%2F30%2Fifa2018-philips-tv-und-georg-jensen-zeigen-ihre-vorliebe-fuer-licht%2F&media=https%3A%2F%2Ftoengel.net%2Fphilipsblog%2Fwp-content%2Fuploads%2F2018%2F08%2FPhilips-2019_65PUS9104_55PUS9104.jpg&description=IFA2018%3A%20Philips%20TV%20und%20Georg%20Jensen%20zeigen%20ihre%20Vorliebe%20f%C3%BCr%20Licht\" title=\"Bei Pinterest pinnen\" aria-label=\"Bei Pinterest pinnen\" role=\"button\" rel=\"noopener nofollow\" class=\"shariff-link\" style=\"; background-color:#cb2027; color:#fff\" target=\"_blank\"><span class=\"shariff-icon\" style=\"\"><svg width=\"32px\" height=\"20px\" xmlns=\"http:\/\/www.w3.org\/2000\/svg\" viewBox=\"0 0 27 32\"><path fill=\"#cb2027\" d=\"M27.4 16q0 3.7-1.8 6.9t-5 5-6.9 1.9q-2 0-3.9-0.6 1.1-1.7 1.4-2.9 0.2-0.6 1-3.8 0.4 0.7 1.3 1.2t2 0.5q2.1 0 3.8-1.2t2.7-3.4 0.9-4.8q0-2-1.1-3.8t-3.1-2.9-4.5-1.2q-1.9 0-3.5 0.5t-2.8 1.4-2 2-1.2 2.3-0.4 2.4q0 1.9 0.7 3.3t2.1 2q0.5 0.2 0.7-0.4 0-0.1 0.1-0.5t0.2-0.5q0.1-0.4-0.2-0.8-0.9-1.1-0.9-2.7 0-2.7 1.9-4.6t4.9-2q2.7 0 4.2 1.5t1.5 3.8q0 3-1.2 5.2t-3.1 2.1q-1.1 0-1.7-0.8t-0.4-1.9q0.1-0.6 0.5-1.7t0.5-1.8 0.2-1.4q0-0.9-0.5-1.5t-1.4-0.6q-1.1 0-1.9 1t-0.8 2.6q0 1.3 0.4 2.2l-1.8 7.5q-0.3 1.2-0.2 3.2-3.7-1.6-6-5t-2.3-7.6q0-3.7 1.9-6.9t5-5 6.9-1.9 6.9 1.9 5 5 1.8 6.9z\"\/><\/svg><\/span><span class=\"shariff-text\">merken<\/span>&nbsp;<\/a><\/li><li class=\"shariff-button xing shariff-nocustomcolor\" style=\"background-color:#29888a\"><a href=\"https:\/\/www.xing.com\/spi\/shares\/new?url=https%3A%2F%2Ftoengel.net%2Fphilipsblog%2F2018%2F08%2F30%2Fifa2018-philips-tv-und-georg-jensen-zeigen-ihre-vorliebe-fuer-licht%2F\" title=\"Bei XING teilen\" aria-label=\"Bei XING teilen\" role=\"button\" rel=\"noopener nofollow\" class=\"shariff-link external external_icon\" style=\"; background-color:#126567; color:#fff\" target=\"_blank\"><span class=\"shariff-icon\" style=\"\"><svg width=\"32px\" height=\"20px\" xmlns=\"http:\/\/www.w3.org\/2000\/svg\" viewBox=\"0 0 25 32\"><path fill=\"#126567\" d=\"M10.7 11.9q-0.2 0.3-4.6 8.2-0.5 0.8-1.2 0.8h-4.3q-0.4 0-0.5-0.3t0-0.6l4.5-8q0 0 0 0l-2.9-5q-0.2-0.4 0-0.7 0.2-0.3 0.5-0.3h4.3q0.7 0 1.2 0.8zM25.1 0.4q0.2 0.3 0 0.7l-9.4 16.7 6 11q0.2 0.4 0 0.6-0.2 0.3-0.6 0.3h-4.3q-0.7 0-1.2-0.8l-6-11.1q0.3-0.6 9.5-16.8 0.4-0.8 1.2-0.8h4.3q0.4 0 0.5 0.3z\"\/><\/svg><\/span><span class=\"shariff-text\">teilen<\/span>&nbsp;<\/a><\/li><li class=\"shariff-button linkedin shariff-nocustomcolor\" style=\"background-color:#1488bf\"><a href=\"https:\/\/www.linkedin.com\/sharing\/share-offsite\/?url=https%3A%2F%2Ftoengel.net%2Fphilipsblog%2F2018%2F08%2F30%2Fifa2018-philips-tv-und-georg-jensen-zeigen-ihre-vorliebe-fuer-licht%2F\" title=\"Bei LinkedIn teilen\" aria-label=\"Bei LinkedIn teilen\" role=\"button\" rel=\"noopener nofollow\" class=\"shariff-link external external_icon\" style=\"; background-color:#0077b5; color:#fff\" target=\"_blank\"><span class=\"shariff-icon\" style=\"\"><svg width=\"32px\" height=\"20px\" xmlns=\"http:\/\/www.w3.org\/2000\/svg\" viewBox=\"0 0 27 32\"><path fill=\"#0077b5\" d=\"M6.2 11.2v17.7h-5.9v-17.7h5.9zM6.6 5.7q0 1.3-0.9 2.2t-2.4 0.9h0q-1.5 0-2.4-0.9t-0.9-2.2 0.9-2.2 2.4-0.9 2.4 0.9 0.9 2.2zM27.4 18.7v10.1h-5.9v-9.5q0-1.9-0.7-2.9t-2.3-1.1q-1.1 0-1.9 0.6t-1.2 1.5q-0.2 0.5-0.2 1.4v9.9h-5.9q0-7.1 0-11.6t0-5.3l0-0.9h5.9v2.6h0q0.4-0.6 0.7-1t1-0.9 1.6-0.8 2-0.3q3 0 4.9 2t1.9 6z\"\/><\/svg><\/span><span class=\"shariff-text\">teilen<\/span>&nbsp;<\/a><\/li><li class=\"shariff-button mailto shariff-nocustomcolor\" style=\"background-color:#a8a8a8\"><a href=\"mailto:?body=https%3A%2F%2Ftoengel.net%2Fphilipsblog%2F2018%2F08%2F30%2Fifa2018-philips-tv-und-georg-jensen-zeigen-ihre-vorliebe-fuer-licht%2F&subject=IFA2018%3A%20Philips%20TV%20und%20Georg%20Jensen%20zeigen%20ihre%20Vorliebe%20f%C3%BCr%20Licht\" title=\"Per E-Mail versenden\" aria-label=\"Per E-Mail versenden\" role=\"button\" rel=\"noopener nofollow\" class=\"shariff-link\" style=\"; background-color:#999; color:#fff\"><span class=\"shariff-icon\" style=\"\"><svg width=\"32px\" height=\"20px\" xmlns=\"http:\/\/www.w3.org\/2000\/svg\" viewBox=\"0 0 32 32\"><path fill=\"#999\" d=\"M32 12.7v14.2q0 1.2-0.8 2t-2 0.9h-26.3q-1.2 0-2-0.9t-0.8-2v-14.2q0.8 0.9 1.8 1.6 6.5 4.4 8.9 6.1 1 0.8 1.6 1.2t1.7 0.9 2 0.4h0.1q0.9 0 2-0.4t1.7-0.9 1.6-1.2q3-2.2 8.9-6.1 1-0.7 1.8-1.6zM32 7.4q0 1.4-0.9 2.7t-2.2 2.2q-6.7 4.7-8.4 5.8-0.2 0.1-0.7 0.5t-1 0.7-0.9 0.6-1.1 0.5-0.9 0.2h-0.1q-0.4 0-0.9-0.2t-1.1-0.5-0.9-0.6-1-0.7-0.7-0.5q-1.6-1.1-4.7-3.2t-3.6-2.6q-1.1-0.7-2.1-2t-1-2.5q0-1.4 0.7-2.3t2.1-0.9h26.3q1.2 0 2 0.8t0.9 2z\"\/><\/svg><\/span><span class=\"shariff-text\">E-Mail<\/span>&nbsp;<\/a><\/li><li class=\"shariff-button info shariff-nocustomcolor\" style=\"background-color:#eee\"><a href=\"http:\/\/ct.de\/-2467514\" title=\"Weitere Informationen\" aria-label=\"Weitere Informationen\" role=\"button\" rel=\"noopener  nofollow\" class=\"shariff-link external external_icon\" style=\"; background-color:#fff; color:#fff\" target=\"_blank\"><span class=\"shariff-icon\" style=\"\"><svg width=\"32px\" height=\"20px\" xmlns=\"http:\/\/www.w3.org\/2000\/svg\" viewBox=\"0 0 11 32\"><path fill=\"#999\" d=\"M11.4 24v2.3q0 0.5-0.3 0.8t-0.8 0.4h-9.1q-0.5 0-0.8-0.4t-0.4-0.8v-2.3q0-0.5 0.4-0.8t0.8-0.4h1.1v-6.8h-1.1q-0.5 0-0.8-0.4t-0.4-0.8v-2.3q0-0.5 0.4-0.8t0.8-0.4h6.8q0.5 0 0.8 0.4t0.4 0.8v10.3h1.1q0.5 0 0.8 0.4t0.3 0.8zM9.2 3.4v3.4q0 0.5-0.4 0.8t-0.8 0.4h-4.6q-0.4 0-0.8-0.4t-0.4-0.8v-3.4q0-0.4 0.4-0.8t0.8-0.4h4.6q0.5 0 0.8 0.4t0.4 0.8z\"\/><\/svg><\/span><\/a><\/li><\/ul><\/div>","protected":false},"excerpt":{"rendered":"<p>Philips Pressemitteilung anl\u00e4sslich der IFA 2018 am 30.8.2018: Philips TV und Georg Jensen zeigen ihre Vorliebe f\u00fcr Licht<\/p>\n","protected":false},"author":1,"featured_media":113237,"comment_status":"open","ping_status":"open","sticky":false,"template":"","format":"standard","meta":{"_bbp_topic_count":0,"_bbp_reply_count":0,"_bbp_total_topic_count":0,"_bbp_total_reply_count":0,"_bbp_voice_count":0,"_bbp_anonymous_reply_count":0,"_bbp_topic_count_hidden":0,"_bbp_reply_count_hidden":0,"_bbp_forum_subforum_count":0,"footnotes":"","jetpack_publicize_message":"","jetpack_publicize_feature_enabled":true,"jetpack_social_post_already_shared":true,"jetpack_social_options":{"image_generator_settings":{"template":"highway","default_image_id":0,"font":"","enabled":false},"version":2},"jetpack_post_was_ever_published":false},"categories":[1153],"tags":[2748,2747],"class_list":["post-116342","post","type-post","status-publish","format-standard","has-post-thumbnail","hentry","category-pressemitteilungen","tag-55pus9104-12","tag-65pus9104-12"],"yoast_head":"<!-- This site is optimized with the Yoast SEO plugin v28.4 - https:\/\/yoast.com\/product\/yoast-seo-wordpress\/ -->\n<title>IFA2018: Philips TV und Georg Jensen zeigen ihre Vorliebe f\u00fcr Licht - Toengels Philips Blog<\/title>\n<meta name=\"description\" content=\"Philips Pressemitteilung anl\u00e4sslich der IFA 2018 am 30.8.2018: Philips TV und Georg Jensen zeigen ihre Vorliebe f\u00fcr Licht\" \/>\n<meta name=\"robots\" content=\"index, follow, max-snippet:-1, max-image-preview:large, max-video-preview:-1\" \/>\n<link rel=\"canonical\" href=\"https:\/\/toengel.net\/philipsblog\/2018\/08\/30\/ifa2018-philips-tv-und-georg-jensen-zeigen-ihre-vorliebe-fuer-licht\/\" \/>\n<meta property=\"og:locale\" content=\"de_DE\" \/>\n<meta property=\"og:type\" content=\"article\" \/>\n<meta property=\"og:title\" content=\"IFA2018: Philips TV und Georg Jensen zeigen ihre Vorliebe f\u00fcr Licht - Toengels Philips Blog\" \/>\n<meta property=\"og:description\" content=\"Philips Pressemitteilung anl\u00e4sslich der IFA 2018 am 30.8.2018: Philips TV und Georg Jensen zeigen ihre Vorliebe f\u00fcr Licht\" \/>\n<meta property=\"og:url\" content=\"https:\/\/toengel.net\/philipsblog\/2018\/08\/30\/ifa2018-philips-tv-und-georg-jensen-zeigen-ihre-vorliebe-fuer-licht\/\" \/>\n<meta property=\"og:site_name\" content=\"Toengels Philips Blog\" \/>\n<meta property=\"article:publisher\" content=\"https:\/\/www.facebook.com\/PhilipsToengel\/\" \/>\n<meta property=\"article:author\" content=\"https:\/\/www.facebook.com\/PhilipsToengel\/\" \/>\n<meta property=\"article:published_time\" content=\"2018-08-30T12:00:04+00:00\" \/>\n<meta property=\"og:image\" content=\"https:\/\/toengel.net\/philipsblog\/wp-content\/uploads\/2018\/08\/Philips-2019_65PUS9104_55PUS9104.jpg\" \/>\n\t<meta property=\"og:image:width\" content=\"667\" \/>\n\t<meta property=\"og:image:height\" content=\"409\" \/>\n\t<meta property=\"og:image:type\" content=\"image\/jpeg\" \/>\n<meta name=\"author\" content=\"Toengel\" \/>\n<meta name=\"twitter:card\" content=\"summary_large_image\" \/>\n<meta name=\"twitter:creator\" content=\"@PhilipsToengel\" \/>\n<meta name=\"twitter:site\" content=\"@PhilipsToengel\" \/>\n<meta name=\"twitter:label1\" content=\"Verfasst von\" \/>\n\t<meta name=\"twitter:data1\" content=\"Toengel\" \/>\n\t<meta name=\"twitter:label2\" content=\"Gesch\u00e4tzte Lesezeit\" \/>\n\t<meta name=\"twitter:data2\" content=\"3\u00a0Minuten\" \/>\n<!-- \/ Yoast SEO plugin. -->","yoast_head_json":{"title":"IFA2018: Philips TV und Georg Jensen zeigen ihre Vorliebe f\u00fcr Licht - Toengels Philips Blog","description":"Philips Pressemitteilung anl\u00e4sslich der IFA 2018 am 30.8.2018: Philips TV und Georg Jensen zeigen ihre Vorliebe f\u00fcr Licht","robots":{"index":"index","follow":"follow","max-snippet":"max-snippet:-1","max-image-preview":"max-image-preview:large","max-video-preview":"max-video-preview:-1"},"canonical":"https:\/\/toengel.net\/philipsblog\/2018\/08\/30\/ifa2018-philips-tv-und-georg-jensen-zeigen-ihre-vorliebe-fuer-licht\/","og_locale":"de_DE","og_type":"article","og_title":"IFA2018: Philips TV und Georg Jensen zeigen ihre Vorliebe f\u00fcr Licht - Toengels Philips Blog","og_description":"Philips Pressemitteilung anl\u00e4sslich der IFA 2018 am 30.8.2018: Philips TV und Georg Jensen zeigen ihre Vorliebe f\u00fcr Licht","og_url":"https:\/\/toengel.net\/philipsblog\/2018\/08\/30\/ifa2018-philips-tv-und-georg-jensen-zeigen-ihre-vorliebe-fuer-licht\/","og_site_name":"Toengels Philips Blog","article_publisher":"https:\/\/www.facebook.com\/PhilipsToengel\/","article_author":"https:\/\/www.facebook.com\/PhilipsToengel\/","article_published_time":"2018-08-30T12:00:04+00:00","og_image":[{"width":667,"height":409,"url":"https:\/\/toengel.net\/philipsblog\/wp-content\/uploads\/2018\/08\/Philips-2019_65PUS9104_55PUS9104.jpg","type":"image\/jpeg"}],"author":"Toengel","twitter_card":"summary_large_image","twitter_creator":"@PhilipsToengel","twitter_site":"@PhilipsToengel","twitter_misc":{"Verfasst von":"Toengel","Gesch\u00e4tzte Lesezeit":"3\u00a0Minuten"},"schema":{"@context":"https:\/\/schema.org","@graph":[{"@type":"Article","@id":"https:\/\/toengel.net\/philipsblog\/2018\/08\/30\/ifa2018-philips-tv-und-georg-jensen-zeigen-ihre-vorliebe-fuer-licht\/#article","isPartOf":{"@id":"https:\/\/toengel.net\/philipsblog\/2018\/08\/30\/ifa2018-philips-tv-und-georg-jensen-zeigen-ihre-vorliebe-fuer-licht\/"},"author":{"name":"Toengel","@id":"https:\/\/toengel.net\/philipsblog\/#\/schema\/person\/61ade8f5b1d9e0c28a3d0340625c20aa"},"headline":"IFA2018: Philips TV und Georg Jensen zeigen ihre Vorliebe f\u00fcr Licht","datePublished":"2018-08-30T12:00:04+00:00","mainEntityOfPage":{"@id":"https:\/\/toengel.net\/philipsblog\/2018\/08\/30\/ifa2018-philips-tv-und-georg-jensen-zeigen-ihre-vorliebe-fuer-licht\/"},"wordCount":622,"commentCount":1,"publisher":{"@id":"https:\/\/toengel.net\/philipsblog\/#\/schema\/person\/61ade8f5b1d9e0c28a3d0340625c20aa"},"image":{"@id":"https:\/\/toengel.net\/philipsblog\/2018\/08\/30\/ifa2018-philips-tv-und-georg-jensen-zeigen-ihre-vorliebe-fuer-licht\/#primaryimage"},"thumbnailUrl":"https:\/\/toengel.net\/philipsblog\/wp-content\/uploads\/2018\/08\/Philips-2019_65PUS9104_55PUS9104.jpg","keywords":["55PUS9104\/12","65PUS9104\/12"],"articleSection":["Pressemitteilungen"],"inLanguage":"de","potentialAction":[{"@type":"CommentAction","name":"Comment","target":["https:\/\/toengel.net\/philipsblog\/2018\/08\/30\/ifa2018-philips-tv-und-georg-jensen-zeigen-ihre-vorliebe-fuer-licht\/#respond"]}]},{"@type":"WebPage","@id":"https:\/\/toengel.net\/philipsblog\/2018\/08\/30\/ifa2018-philips-tv-und-georg-jensen-zeigen-ihre-vorliebe-fuer-licht\/","url":"https:\/\/toengel.net\/philipsblog\/2018\/08\/30\/ifa2018-philips-tv-und-georg-jensen-zeigen-ihre-vorliebe-fuer-licht\/","name":"IFA2018: Philips TV und Georg Jensen zeigen ihre Vorliebe f\u00fcr Licht - Toengels Philips Blog","isPartOf":{"@id":"https:\/\/toengel.net\/philipsblog\/#website"},"primaryImageOfPage":{"@id":"https:\/\/toengel.net\/philipsblog\/2018\/08\/30\/ifa2018-philips-tv-und-georg-jensen-zeigen-ihre-vorliebe-fuer-licht\/#primaryimage"},"image":{"@id":"https:\/\/toengel.net\/philipsblog\/2018\/08\/30\/ifa2018-philips-tv-und-georg-jensen-zeigen-ihre-vorliebe-fuer-licht\/#primaryimage"},"thumbnailUrl":"https:\/\/toengel.net\/philipsblog\/wp-content\/uploads\/2018\/08\/Philips-2019_65PUS9104_55PUS9104.jpg","datePublished":"2018-08-30T12:00:04+00:00","description":"Philips Pressemitteilung anl\u00e4sslich der IFA 2018 am 30.8.2018: Philips TV und Georg Jensen zeigen ihre Vorliebe f\u00fcr Licht","breadcrumb":{"@id":"https:\/\/toengel.net\/philipsblog\/2018\/08\/30\/ifa2018-philips-tv-und-georg-jensen-zeigen-ihre-vorliebe-fuer-licht\/#breadcrumb"},"inLanguage":"de","potentialAction":[{"@type":"ReadAction","target":["https:\/\/toengel.net\/philipsblog\/2018\/08\/30\/ifa2018-philips-tv-und-georg-jensen-zeigen-ihre-vorliebe-fuer-licht\/"]}]},{"@type":"ImageObject","inLanguage":"de","@id":"https:\/\/toengel.net\/philipsblog\/2018\/08\/30\/ifa2018-philips-tv-und-georg-jensen-zeigen-ihre-vorliebe-fuer-licht\/#primaryimage","url":"https:\/\/toengel.net\/philipsblog\/wp-content\/uploads\/2018\/08\/Philips-2019_65PUS9104_55PUS9104.jpg","contentUrl":"https:\/\/toengel.net\/philipsblog\/wp-content\/uploads\/2018\/08\/Philips-2019_65PUS9104_55PUS9104.jpg","width":667,"height":409,"caption":"Philips 2019: 65PUS9104 und 55PUS9104"},{"@type":"BreadcrumbList","@id":"https:\/\/toengel.net\/philipsblog\/2018\/08\/30\/ifa2018-philips-tv-und-georg-jensen-zeigen-ihre-vorliebe-fuer-licht\/#breadcrumb","itemListElement":[{"@type":"ListItem","position":1,"name":"Startseite","item":"https:\/\/toengel.net\/philipsblog\/"},{"@type":"ListItem","position":2,"name":"Pressemitteilungen","item":"https:\/\/toengel.net\/philipsblog\/category\/pressemitteilungen\/"},{"@type":"ListItem","position":3,"name":"IFA2018: Philips TV und Georg Jensen zeigen ihre Vorliebe f\u00fcr Licht"}]},{"@type":"WebSite","@id":"https:\/\/toengel.net\/philipsblog\/#website","url":"https:\/\/toengel.net\/philipsblog\/","name":"Toengels Philips Blog","description":"Das (Support-) Forum \/ die Anlaufstelle f\u00fcr Philips Consumer Lifestyle (TV, Audio, Video, Multimedia, HUE, Sonicare und mehr)","publisher":{"@id":"https:\/\/toengel.net\/philipsblog\/#\/schema\/person\/61ade8f5b1d9e0c28a3d0340625c20aa"},"alternateName":"Das (Support-) Forum \/ die Anlaufstelle f\u00fcr Philips Consumer Lifestyle (TV, Audio, Video, Multimedia, HUE, Sonicare und mehr)","potentialAction":[{"@type":"SearchAction","target":{"@type":"EntryPoint","urlTemplate":"https:\/\/toengel.net\/philipsblog\/?s={search_term_string}"},"query-input":{"@type":"PropertyValueSpecification","valueRequired":true,"valueName":"search_term_string"}}],"inLanguage":"de"},{"@type":["Person","Organization"],"@id":"https:\/\/toengel.net\/philipsblog\/#\/schema\/person\/61ade8f5b1d9e0c28a3d0340625c20aa","name":"Toengel","image":{"@type":"ImageObject","inLanguage":"de","@id":"https:\/\/toengel.net\/philipsblog\/wp-content\/uploads\/2019\/01\/Toengels-Philips-Blog-Logo_512x512px.png","url":"https:\/\/toengel.net\/philipsblog\/wp-content\/uploads\/2019\/01\/Toengels-Philips-Blog-Logo_512x512px.png","contentUrl":"https:\/\/toengel.net\/philipsblog\/wp-content\/uploads\/2019\/01\/Toengels-Philips-Blog-Logo_512x512px.png","width":512,"height":512,"caption":"Toengel"},"logo":{"@id":"https:\/\/toengel.net\/philipsblog\/wp-content\/uploads\/2019\/01\/Toengels-Philips-Blog-Logo_512x512px.png"},"description":"Toengels Philips Blog gibt es seit Oktober 2010. Anf\u00e4nglich spezialisiert auf den Philips Cinema Platinum 21:9 (55PFL9955H\/12), fokussiert sich dieser Blog inzwischen auf viele Themen rund um Philips TV, Philips AVM (Audio, Video, Multimedia) und Philips Hue. Unterst\u00fctzen kannst du diesen Blog beim Einkauf \u00fcber Amazon oder via Spende f\u00fcr die Kaffeekasse.","sameAs":["https:\/\/toengel.net\/philipsblog\/","https:\/\/www.facebook.com\/PhilipsToengel\/","https:\/\/www.instagram.com\/philipstoengel\/","https:\/\/x.com\/PhilipsToengel","https:\/\/www.youtube.com\/c\/ToengelsPhilipsBlog"]}]}},"jetpack_publicize_connections":[],"amp_enabled":true,"jetpack_featured_media_url":"https:\/\/toengel.net\/philipsblog\/wp-content\/uploads\/2018\/08\/Philips-2019_65PUS9104_55PUS9104.jpg","_links":{"self":[{"href":"https:\/\/toengel.net\/philipsblog\/wp-json\/wp\/v2\/posts\/116342","targetHints":{"allow":["GET"]}}],"collection":[{"href":"https:\/\/toengel.net\/philipsblog\/wp-json\/wp\/v2\/posts"}],"about":[{"href":"https:\/\/toengel.net\/philipsblog\/wp-json\/wp\/v2\/types\/post"}],"author":[{"embeddable":true,"href":"https:\/\/toengel.net\/philipsblog\/wp-json\/wp\/v2\/users\/1"}],"replies":[{"embeddable":true,"href":"https:\/\/toengel.net\/philipsblog\/wp-json\/wp\/v2\/comments?post=116342"}],"version-history":[{"count":4,"href":"https:\/\/toengel.net\/philipsblog\/wp-json\/wp\/v2\/posts\/116342\/revisions"}],"predecessor-version":[{"id":116348,"href":"https:\/\/toengel.net\/philipsblog\/wp-json\/wp\/v2\/posts\/116342\/revisions\/116348"}],"wp:featuredmedia":[{"embeddable":true,"href":"https:\/\/toengel.net\/philipsblog\/wp-json\/wp\/v2\/media\/113237"}],"wp:attachment":[{"href":"https:\/\/toengel.net\/philipsblog\/wp-json\/wp\/v2\/media?parent=116342"}],"wp:term":[{"taxonomy":"category","embeddable":true,"href":"https:\/\/toengel.net\/philipsblog\/wp-json\/wp\/v2\/categories?post=116342"},{"taxonomy":"post_tag","embeddable":true,"href":"https:\/\/toengel.net\/philipsblog\/wp-json\/wp\/v2\/tags?post=116342"}],"curies":[{"name":"wp","href":"https:\/\/api.w.org\/{rel}","templated":true}]}}